{"id":40180,"date":"2026-04-24T08:16:18","date_gmt":"2026-04-24T08:16:18","guid":{"rendered":"https:\/\/stella-pss.eu\/?p=40180"},"modified":"2026-04-24T08:16:18","modified_gmt":"2026-04-24T08:16:18","slug":"international-agricultural-show-2026-ifvs-contribution-to-the-acta-stand-by-presenting-the-european-stella-project","status":"publish","type":"post","link":"https:\/\/stella-pss.eu\/fr\/international-agricultural-show-2026-ifvs-contribution-to-the-acta-stand-by-presenting-the-european-stella-project\/","title":{"rendered":"Salon International de l\u2019Agriculture 2026\u202f: la contribution de l\u2019IFV au stand Acta"},"content":{"rendered":"<p><i><span style=\"font-weight: 400;\">Par Institut Fran\u00e7ais de la Vigne et du Vin<\/span><\/i><i><span style=\"font-weight: 400;\"><br \/>\n<\/span><\/i><\/p>\n<p class=\"translation-block\">\u00c0 l\u2019occasion de la 62e \u00e9dition du Salon International de l\u2019Agriculture, l\u2018Association de coordination technique agricole (<a href=\"https:\/\/stella-pss.eu\/fr\/partners\/acta\/\" target=\"_self\">ACTA<\/a>) et les Instituts Techniques Agricoles (ITA) se sont r\u00e9unis pour partager leur expertise, valoriser l\u2019innovation agronomique et favoriser les \u00e9changes avec l\u2019ensemble des acteurs du monde agricole. Dans ce cadre, l\u2019Institut Fran\u00e7ais de la Vigne et du Vin (<a href=\"https:\/\/stella-pss.eu\/fr\/partners\/IFV\/\" target=\"_self\">IFV<\/a>), institut technique de r\u00e9f\u00e9rence en viticulture, est intervenu pour pr\u00e9senter deux projets collaboratifs innovants sur l\u2019\u00e9pid\u00e9miosurveillance et la sant\u00e9 des sols.<\/p>\n<h4><strong>IFV et Acta: les technologies num\u00e9riques au service de l\u2019\u00e9pid\u00e9miosurveillance, cas d\u2019usage viticole en Alsace (Projet europ\u00e9en Stella)<\/strong><\/h4>\n<p class=\"translation-block\">Jeudi 26 f\u00e9vrier, l\u2019IFV a pr\u00e9sent\u00e9 le projet europ\u00e9en Stella, qui vise \u00e0 d\u00e9velopper une plateforme num\u00e9rique d\u2019\u00e9pid\u00e9miosurveillance de d\u00e9tection et d\u2019alerte pr\u00e9coce des bioagresseurs soumis \u00e0 quarantaine et r\u00e9glement\u00e9s. En 2024, un pilote a \u00e9t\u00e9 lanc\u00e9 sur des parcelles de vigne en Alsace. L\u2019objectif\u202f: tester des technologies num\u00e9riques dans la surveillance du <em>bois noir <\/em> et de l\u2019enroulement, deux maladies responsables de d\u00e9p\u00e9rissements importants en r\u00e9gion et sur le territoire fran\u00e7ais.\u202f<\/p>\n<h4><strong>Epid\u00e9miosurveillance\u202f: les enjeux d\u2019une organisation \u00e0 grande \u00e9chelle<\/strong><\/h4>\n<p>L\u2019\u00e9pid\u00e9miosurveillance d\u00e9signe la surveillance organis\u00e9e et continue des maladies et des ravageurs des cultures afin de d\u00e9tecter pr\u00e9cocement les menaces, d\u2019en \u00e9valuer le niveau de risque, d\u2019en analyser la dynamique et d\u2019anticiper leurs impacts \u00e0 court et \u00e0 long terme. Elle constitue un enjeu strat\u00e9gique pour les agriculteurs, puisqu\u2019elle contribue \u00e0 pr\u00e9server les rendements tout en limitant l\u2019usage des produits phytosanitaires.<\/p>\n<p>Actuellement, la surveillance des organismes nuisibles r\u00e9glement\u00e9s et ceux de quarantaine repose sur une action coordonn\u00e9e au sein de r\u00e9seaux d\u2019observation entre les services de l\u2019\u00c9tat, les organismes de recherche, les instituts techniques et les professionnels agricoles. Elle s\u2019appuie principalement sur des m\u00e9thodes traditionnelles telles que les observations de terrain et le pi\u00e9geage, et bien qu\u2019efficaces, elles pr\u00e9sentent des limites li\u00e9es notamment au temps et au caract\u00e8re ponctuel des observations, qui ne refl\u00e8tent qu\u2019une situation \u00e0 un instant donn\u00e9. Avec l\u2019intensification des \u00e9changes internationaux et les effets du changement climatique, le risque d\u2019\u00e9mergence et de propagation de maladies et ravageurs s\u2019accentue\u202f: la lutte, pour qu\u2019elle soit efficace, doit donc \u00eatre pens\u00e9e \u00e0 l\u2019\u00e9chelle internationale.<\/p>\n<h4><strong>Le projet europ\u00e9en Stella\u202f: d\u00e9veloppement d\u2019une plateforme connect\u00e9e<\/strong><\/h4>\n<p>Les technologies num\u00e9riques apparaissent alors comme une solution\u202f: t\u00e9l\u00e9d\u00e9tection, proxid\u00e9tection, capteurs connect\u00e9s et intelligence artificielle, autant de dispositifs qui permettent d\u2019accentuer la surveillance des menaces et assurer son d\u00e9ploiement \u00e0 grande \u00e9chelle. Le projet Stella, financ\u00e9 \u00e0 hauteur de 4,9 millions d\u2019euros dans le cadre du programme Horizon Europe, a d\u00e9but\u00e9 en 2024 pour une p\u00e9riode de quatre ans et regroupe pas moins de quatorze partenaires dans six pays\u202f: la Gr\u00e8ce, la Lituanie, l\u2019Italie, l\u2019Autriche, la Nouvelle-Z\u00e9lande et la France.<\/p>\n<p>Le dispositif repose sur la cr\u00e9ation d\u2019une plateforme englobant trois sous-syst\u00e8mes\u202f: un syst\u00e8me d\u2019alerte pr\u00e9coce de d\u00e9tection, EWS (Early Warning System), qui repose sur l\u2019Internet des Objets, IoT (capteurs) et des mod\u00e8les de pr\u00e9vision\u202f; un syst\u00e8me de d\u00e9tection des bioagresseurs, PDS (Pest Detection System), qui repose sur de la t\u00e9l\u00e9d\u00e9tection et des pi\u00e8ges connect\u00e9s\u202f; et enfin un syst\u00e8me de gestion des bioagresseurs, PRS (Pest Response System), qui se base sur les donn\u00e9es r\u00e9colt\u00e9es pour alerter les autorit\u00e9s phytosanitaires et conseiller les agriculteurs en mati\u00e8re de mesures de lutte.<\/p>\n<p>La plateforme est pour l\u2019instant au stade de prototype\u202f: Claire Ortega, ing\u00e9nieure d\u2019\u00e9tude \u00e0 l\u2019Acta en charge du d\u00e9veloppement de la plateforme, explique que diff\u00e9rentes versions de la plateforme sont en cours d\u2019\u00e9valuation et de consolidation, notamment d\u2019un point de vue ergonomique.<\/p>\n<h4><strong>L\u2019IFV Alsace lance en 2024 les premiers tests sur vigne<\/strong><\/h4>\n<p class=\"translation-block\">En parall\u00e8le, l\u2019IFV a engag\u00e9 le d\u00e9ploiement du pilote Stella en Alsace, avec pour objectif d\u2019\u00e9valuer l\u2019apport des technologies num\u00e9riques \u00e0 la surveillance du <em>bois noir <\/em> et de l\u2019enroulement viral de la vigne, deux maladies r\u00e9glement\u00e9es non de quarantaine responsable de dommages significatifs dans le vignoble alsacien. S\u00e9verine Coubard, ing\u00e9nieure \u00e0 l\u2019IFV Alsace et responsable du d\u00e9ploiement r\u00e9gional du projet, pr\u00e9cise que le dispositif exp\u00e9rimental s\u2019appuie sur huit parcelles repr\u00e9sentant une surface totale de 3,6 hectares.<\/p>\n<p class=\"translation-block\">Plusieurs technologies sont d\u00e9ploy\u00e9es depuis 2024\u202f: des stations m\u00e9t\u00e9orologiques connect\u00e9es permettant d\u2019enregistrer les conditions climatiques, des pi\u00e8ges connect\u00e9s destin\u00e9s au suivi des insectes vecteurs des maladies, une cam\u00e9ra embarqu\u00e9e coupl\u00e9e \u00e0 un syst\u00e8me GPS afin de collecter des images g\u00e9or\u00e9f\u00e9renc\u00e9es des sympt\u00f4mes foliaires du <em>bois noir<\/em> et de l\u2019enroulement, ainsi que des vols de drones \u00e0 une dizaine de m\u00e8tres au-dessus des vignes pour tester de nouveaux mod\u00e8les capables de d\u00e9tecter automatiquement les sympt\u00f4mes \u00e0 partir d\u2019images de t\u00e9l\u00e9d\u00e9tection.<\/p>\n<p>Les deux premi\u00e8res ann\u00e9es ont n\u00e9anmoins \u00e9t\u00e9 marqu\u00e9es par plusieurs d\u00e9fis, notamment des conditions m\u00e9t\u00e9orologiques variables qui ont parfois restreint la captation d\u2019images durant la p\u00e9riode optimale d\u2019expression des sympt\u00f4mes, ces derniers demeurant par ailleurs difficiles \u00e0 identifier avec pr\u00e9cision.<\/p>\n<p>Les perspectives restent toutefois prometteuses. Une analyse approfondie des donn\u00e9es collect\u00e9es au cours des ann\u00e9es pr\u00e9c\u00e9dentes est pr\u00e9vue en 2026, tandis que les mod\u00e8les d\u2019intelligence artificielle seront perfectionn\u00e9s gr\u00e2ce \u00e0 l\u2019int\u00e9gration des plus de 1 500 images d\u00e9j\u00e0 acquises. \u00c0 terme, les outils d\u00e9velopp\u00e9s en Alsace ont vocation \u00e0 \u00eatre connect\u00e9s au prototype de la plateforme afin de centraliser les donn\u00e9es et de faciliter leur partage entre les diff\u00e9rents partenaires.<\/p>\n<p>Bien que les pays impliqu\u00e9s dans le projet travaillent sur des probl\u00e9matiques distinctes, les premiers r\u00e9sultats obtenus sur la vigne en Alsace sont encourageants, car ils permettent d\u2019acqu\u00e9rir une exp\u00e9rience pr\u00e9cieuse en mati\u00e8re de collecte de donn\u00e9es et d\u2019\u00e9laboration de protocoles, avec l\u2019ambition de construire \u00e0 terme une m\u00e9thode transversale et standardis\u00e9e. Ce cas d\u2019\u00e9tude illustre ainsi la mani\u00e8re dont la compl\u00e9mentarit\u00e9 entre expertise viticole et technologies num\u00e9riques peut contribuer \u00e0 une surveillance des maladies de la vigne plus fine, plus r\u00e9active et plus durable, tout en s\u2019appuyant sur une collaboration solide, essentielle \u00e0 la r\u00e9ussite de ce projet europ\u00e9en.<\/p>\n<figure id=\"attachment_40181\" aria-describedby=\"caption-attachment-40181\" style=\"width: 506px\" class=\"wp-caption aligncenter\"><img fetchpriority=\"high\" decoding=\"async\" class=\"size-full wp-image-40181\" src=\"https:\/\/stella-pss.eu\/wp-content\/uploads\/2026\/04\/Picture1.png\" alt=\"\" width=\"506\" height=\"379\" srcset=\"https:\/\/stella-pss.eu\/wp-content\/uploads\/2026\/04\/Picture1.png 506w, https:\/\/stella-pss.eu\/wp-content\/uploads\/2026\/04\/Picture1-16x12.png 16w, https:\/\/stella-pss.eu\/wp-content\/uploads\/2026\/04\/Picture1-370x277.png 370w, https:\/\/stella-pss.eu\/wp-content\/uploads\/2026\/04\/Picture1-410x307.png 410w\" sizes=\"(max-width: 600px) 100vw, 506px\" \/><figcaption id=\"caption-attachment-40181\" class=\"wp-caption-text\">Pr\u00e9sentation du projet STELLA au stand de l\u2019ACTA lors du Salon International de l'Agriculture 2026 \u00e0 Paris.<\/figcaption><\/figure>\n<p>&nbsp;<\/p>","protected":false},"excerpt":{"rendered":"<p>By IFV On the occasion of the 62nd edition of the International Agricultural Show, the&hellip;<\/p>","protected":false},"author":2,"featured_media":40183,"comment_status":"closed","ping_status":"closed","sticky":false,"template":"","format":"standard","meta":{"iawp_total_views":12,"footnotes":""},"categories":[136,138],"tags":[],"class_list":["post-40180","post","type-post","status-publish","format-standard","has-post-thumbnail","hentry","category-blog","category-project-news"],"_links":{"self":[{"href":"https:\/\/stella-pss.eu\/fr\/wp-json\/wp\/v2\/posts\/40180","targetHints":{"allow":["GET"]}}],"collection":[{"href":"https:\/\/stella-pss.eu\/fr\/wp-json\/wp\/v2\/posts"}],"about":[{"href":"https:\/\/stella-pss.eu\/fr\/wp-json\/wp\/v2\/types\/post"}],"author":[{"embeddable":true,"href":"https:\/\/stella-pss.eu\/fr\/wp-json\/wp\/v2\/users\/2"}],"replies":[{"embeddable":true,"href":"https:\/\/stella-pss.eu\/fr\/wp-json\/wp\/v2\/comments?post=40180"}],"version-history":[{"count":0,"href":"https:\/\/stella-pss.eu\/fr\/wp-json\/wp\/v2\/posts\/40180\/revisions"}],"wp:featuredmedia":[{"embeddable":true,"href":"https:\/\/stella-pss.eu\/fr\/wp-json\/wp\/v2\/media\/40183"}],"wp:attachment":[{"href":"https:\/\/stella-pss.eu\/fr\/wp-json\/wp\/v2\/media?parent=40180"}],"wp:term":[{"taxonomy":"category","embeddable":true,"href":"https:\/\/stella-pss.eu\/fr\/wp-json\/wp\/v2\/categories?post=40180"},{"taxonomy":"post_tag","embeddable":true,"href":"https:\/\/stella-pss.eu\/fr\/wp-json\/wp\/v2\/tags?post=40180"}],"curies":[{"name":"wp","href":"https:\/\/api.w.org\/{rel}","templated":true}]}}